{"id":504,"date":"2019-03-19T11:42:53","date_gmt":"2019-03-19T10:42:53","guid":{"rendered":"https:\/\/www.politischebildung.at\/pbb\/?p=504"},"modified":"2019-03-19T17:40:49","modified_gmt":"2019-03-19T16:40:49","slug":"wer-bin-ich-und-wenn-ja-wie-viele","status":"publish","type":"post","link":"https:\/\/www.politischebildung.at\/pbb\/2019\/03\/19\/wer-bin-ich-und-wenn-ja-wie-viele\/","title":{"rendered":"Wer bin ich und wenn ja wie viele?"},"content":{"rendered":"\r\n<p><strong>Methode<\/strong><br \/>Schreibwerkstatt<\/p>\r\n\r\n\r\n\r\n<p><strong>Ziele<\/strong><br \/>\u2022 Herausfinden von Identit\u00e4tsmerkmalen und -eigenschaften (individuell und in der Gruppe)\u00a0<br \/>\u2022 Bildung und Reflexion von \u201eIdentit\u00e4tskategorien\u201c und \u201eTeilidentit\u00e4ten\u201c\u00a0<\/p>\r\n\r\n\r\n\r\n<p><strong>Checklist\u00a0<\/strong><br \/>Materialien: B\u00f6gen Papier, Filzstifte<br \/>Zeit: 45-90 Minuten (im Alphabereich das Doppelte)<\/p>\r\n\r\n\r\n\r\n<p><strong>Ablauf<\/strong><br \/>Eine \u201eIdentit\u00e4tssonne\u201c aufzeichnen. Dabei folgende Fragen im Kopf haben: Was macht Deine Identit\u00e4t aus? Welches sind Deine wichtigsten (Identit\u00e4ts-) Merkmale und Eigenschaften, die Dich von anderen unterscheiden bzw. Dich mit Ihnen verbinden? Welchen Gruppen f\u00fchlst Du Dich zugeh\u00f6rig? Wie w\u00fcrdest Du Dich gegen\u00fcber einem\/r Unbekannten vorstellen? Jeweils ein Merkmal an die Strahlen der \u201eIdentit\u00e4tssonne\u201c schreiben. Es k\u00f6nnen so viele Strahlen hinzugef\u00fcgt werden, wie der\/diejenige m\u00f6chte.\u00a0<\/p>\r\n\r\n\r\n\r\n<p><strong>Diskussionsfragen<\/strong><br \/>\u2022 Was hei\u00dft \u201eIdentit\u00e4t\u201c?<br \/>\u2022 Gibt es nur eine \u201eIdentit\u00e4t\u201c?<br \/>\u2022 Was bildet \u201eIdentit\u00e4t\u201c? Ist sie ver\u00e4nderbar? Durch was?<\/p>\r\n\r\n\r\n\r\n<p><strong>Quelle<\/strong><br \/>Bundeszentrale f\u00fcr Politische Bildung. <a href=\"http:\/\/www.bpb.de\/files\/UL9L5S.pdf%EF%BB%BF\" target=\"_blank\" rel=\"noopener noreferrer\">Ausf\u00fchrliche Beschreibung.<\/a><\/p>\r\n\r\n\r\n\r\n<p><strong>ALPHA\u00dcBUNG darauf aufbauend<\/strong><br \/>Ein Ereignis, das in welcher Form auch immer f\u00fcr die eigene Identit\u00e4t (oder eine davon) wichtig bzw. einschneidend war, aufschreiben. Dies kann abgetippt werden, sollte aber nicht weiter ausgetauscht werden.<\/p>\r\n","protected":false},"excerpt":{"rendered":"<p>MethodeSchreibwerkstatt Ziele\u2022 Herausfinden von Identit\u00e4tsmerkmalen und -eigenschaften (individuell und in der Gruppe)\u00a0\u2022 Bildung und Reflexion von \u201eIdentit\u00e4tskategorien\u201c und \u201eTeilidentit\u00e4ten\u201c\u00a0 Checklist\u00a0Materialien: B\u00f6gen Papier, FilzstifteZeit: 45-90 Minuten (im Alphabereich das Doppelte) AblaufEine \u201eIdentit\u00e4tssonne\u201c aufzeichnen. Dabei folgende Fragen im Kopf haben: Was macht Deine Identit\u00e4t aus? Welches sind Deine wichtigsten (Identit\u00e4ts-) Merkmale und Eigenschaften, die Dich von anderen&#8230;<\/p>\n","protected":false},"author":4,"featured_media":0,"comment_status":"closed","ping_status":"closed","sticky":false,"template":"","format":"standard","meta":{"footnotes":""},"categories":[1],"tags":[],"class_list":["post-504","post","type-post","status-publish","format-standard","hentry","category-allgemein"],"_links":{"self":[{"href":"https:\/\/www.politischebildung.at\/pbb\/wp-json\/wp\/v2\/posts\/504","targetHints":{"allow":["GET"]}}],"collection":[{"href":"https:\/\/www.politischebildung.at\/pbb\/wp-json\/wp\/v2\/posts"}],"about":[{"href":"https:\/\/www.politischebildung.at\/pbb\/wp-json\/wp\/v2\/types\/post"}],"author":[{"embeddable":true,"href":"https:\/\/www.politischebildung.at\/pbb\/wp-json\/wp\/v2\/users\/4"}],"replies":[{"embeddable":true,"href":"https:\/\/www.politischebildung.at\/pbb\/wp-json\/wp\/v2\/comments?post=504"}],"version-history":[{"count":6,"href":"https:\/\/www.politischebildung.at\/pbb\/wp-json\/wp\/v2\/posts\/504\/revisions"}],"predecessor-version":[{"id":519,"href":"https:\/\/www.politischebildung.at\/pbb\/wp-json\/wp\/v2\/posts\/504\/revisions\/519"}],"wp:attachment":[{"href":"https:\/\/www.politischebildung.at\/pbb\/wp-json\/wp\/v2\/media?parent=504"}],"wp:term":[{"taxonomy":"category","embeddable":true,"href":"https:\/\/www.politischebildung.at\/pbb\/wp-json\/wp\/v2\/categories?post=504"},{"taxonomy":"post_tag","embeddable":true,"href":"https:\/\/www.politischebildung.at\/pbb\/wp-json\/wp\/v2\/tags?post=504"}],"curies":[{"name":"wp","href":"https:\/\/api.w.org\/{rel}","templated":true}]}}