{"id":533,"date":"2019-03-19T12:25:43","date_gmt":"2019-03-19T11:25:43","guid":{"rendered":"https:\/\/www.politischebildung.at\/pbb\/?p=533"},"modified":"2019-03-22T17:37:19","modified_gmt":"2019-03-22T16:37:19","slug":"unsere-welt-in-20-jahren","status":"publish","type":"post","link":"https:\/\/www.politischebildung.at\/pbb\/2019\/03\/19\/unsere-welt-in-20-jahren\/","title":{"rendered":"Unsere Welt in 20 Jahren"},"content":{"rendered":"<p><strong>Methode<\/strong><br \/>\nZukunftswerkstatt<\/p>\n<p><strong>Ziele<\/strong><br \/>\n\u2022 Visionen zu artikulieren \u2013 und diese in einen realen Zusammenhang einbetten<br \/>\n\u2022 Eintauchen in das Spannungsverh\u00e4ltnis zwischen Weltentwicklung und eigenen \u201eWeltw\u00fcnschen\u201c bzw. \u201eWeltbef\u00fcrchtungen\u201c<\/p>\n<p><strong>Checklist<\/strong><br \/>\nMaterialien: gro\u00dfe B\u00f6gen Papier und Farben zum Zeichnen<br \/>\nZeit: 30 Minuten<\/div>\n<p><strong>Ablauf<\/strong><br \/>\nJede\/r soll die Vision einer anderen besseren Welt oder aber auch einer Welt, die nicht mehr zu retten ist, bildlich darstellen &#8211; also durch Malen, Zeichnen, eventuell Collagen. Dabei gehen sowohl pers\u00f6nliche als auch politische W\u00fcnsche, Hoffnungen und Tr\u00e4ume in die Visionen ein. Die Arbeitsanweisung kann offen sein, z. B. \u201eunsere Zukunft in 20 Jahren&#8220;. Danach werden die Visionen aufgeh\u00e4ngt und kurz von jedem\/r erkl\u00e4rt. Man kann nun reihum gehen.<\/p>\n<p><strong>Diskussionsfragen<\/strong><br \/>\n\u2022 Gibt es Parallelen zwischen den einzelnen Visionen?<br \/>\n\u2022 Gibt es vorherrschende Visionen?<br \/>\n\u2022 Wie hoch ist der Anteil der \u201eWeltbef\u00fcrchtungen\u201c? Was k\u00f6nnte man tun, um ihnen entgegenzutreten?<\/p>\n<p><strong>Quelle<\/strong><br \/>\nInstitut f\u00fcr Friedensp\u00e4dagogik.<\/p>\n<p><strong>ALPHA\u00dcBUNGEN darauf aufbauend<\/strong><br \/>\n\u2022 Eine negative Zukunftsvision der Welt in 20 Jahren schriftlich festhalten.<br \/>\n\u2022 Texte abtippen und mit dem\/r jeweiligen Nachbar_in austauschen.<br \/>\n\u2022 Der\/Die Nachbar_in versucht nun sich einen Gegenentwurf zu der negativen Zukunftsvision zu machen \u2013 das kann schriftlich oder in Partnerarbeit m\u00fcndlich erfolgen.<\/p>\n","protected":false},"excerpt":{"rendered":"<p>Methode Zukunftswerkstatt Ziele \u2022 Visionen zu artikulieren \u2013 und diese in einen realen Zusammenhang einbetten \u2022 Eintauchen in das Spannungsverh\u00e4ltnis zwischen Weltentwicklung und eigenen \u201eWeltw\u00fcnschen\u201c bzw. \u201eWeltbef\u00fcrchtungen\u201c Checklist Materialien: gro\u00dfe B\u00f6gen Papier und Farben zum Zeichnen Zeit: 30 Minuten Ablauf Jede\/r soll die Vision einer anderen besseren Welt oder aber auch einer Welt, die nicht&#8230;<\/p>\n","protected":false},"author":4,"featured_media":0,"comment_status":"closed","ping_status":"closed","sticky":false,"template":"","format":"standard","meta":{"footnotes":""},"categories":[1],"tags":[],"class_list":["post-533","post","type-post","status-publish","format-standard","hentry","category-allgemein"],"_links":{"self":[{"href":"https:\/\/www.politischebildung.at\/pbb\/wp-json\/wp\/v2\/posts\/533","targetHints":{"allow":["GET"]}}],"collection":[{"href":"https:\/\/www.politischebildung.at\/pbb\/wp-json\/wp\/v2\/posts"}],"about":[{"href":"https:\/\/www.politischebildung.at\/pbb\/wp-json\/wp\/v2\/types\/post"}],"author":[{"embeddable":true,"href":"https:\/\/www.politischebildung.at\/pbb\/wp-json\/wp\/v2\/users\/4"}],"replies":[{"embeddable":true,"href":"https:\/\/www.politischebildung.at\/pbb\/wp-json\/wp\/v2\/comments?post=533"}],"version-history":[{"count":7,"href":"https:\/\/www.politischebildung.at\/pbb\/wp-json\/wp\/v2\/posts\/533\/revisions"}],"predecessor-version":[{"id":838,"href":"https:\/\/www.politischebildung.at\/pbb\/wp-json\/wp\/v2\/posts\/533\/revisions\/838"}],"wp:attachment":[{"href":"https:\/\/www.politischebildung.at\/pbb\/wp-json\/wp\/v2\/media?parent=533"}],"wp:term":[{"taxonomy":"category","embeddable":true,"href":"https:\/\/www.politischebildung.at\/pbb\/wp-json\/wp\/v2\/categories?post=533"},{"taxonomy":"post_tag","embeddable":true,"href":"https:\/\/www.politischebildung.at\/pbb\/wp-json\/wp\/v2\/tags?post=533"}],"curies":[{"name":"wp","href":"https:\/\/api.w.org\/{rel}","templated":true}]}}